{"id":3709,"date":"2025-09-15T22:30:44","date_gmt":"2025-09-15T20:30:44","guid":{"rendered":"https:\/\/sp43.zabrze.pl\/?p=3709"},"modified":"2025-09-15T22:34:22","modified_gmt":"2025-09-15T20:34:22","slug":"statut-2024_","status":"publish","type":"post","link":"https:\/\/sp43.zabrze.pl\/?p=3709","title":{"rendered":"Statut (2024_"},"content":{"rendered":"<h1 class=\"c14 c22\" style=\"text-align: center;\"><strong><span class=\"c19 c33 c72\">Statut<\/span><\/strong><\/h1>\n<h2 class=\"c14 c22\" style=\"text-align: center;\"><span class=\"c63 c19 c33\">Szko\u0142y Podstawowej Nr 43<\/span><\/h2>\n<h2 class=\"c14 c22\" style=\"text-align: center;\"><span class=\"c19 c33 c63\">w Zabrzu<\/span><\/h2>\n<p class=\"c14 c22\" style=\"text-align: center;\"><span class=\"c1\">(8-letnia szko\u0142a podstawowa)<\/span><\/p>\n<p><img loading=\"lazy\" decoding=\"async\" class=\"aligncenter size-full wp-image-1276\" src=\"https:\/\/sp43.zabrze.pl\/wp-content\/uploads\/2021\/03\/logo_sp43.bmp\" alt=\"\" width=\"231\" height=\"173\" \/><\/p>\n<h3><b>Rozdzia\u0142 I &#8211; <\/b><b>Postanowienia og\u00f3lne (wyci\u0105g ze Statutu)<\/b><\/h3>\n<p><b>\u00a7 1<\/b><\/p>\n<ol>\n<li style=\"font-weight: 400;\" aria-level=\"1\"><span style=\"font-weight: 400;\">Pe\u0142na nazwa szko\u0142y to Szko\u0142a Podstawowa nr 43 w Zabrzu.<\/span><\/li>\n<li style=\"font-weight: 400;\" aria-level=\"1\"><span style=\"font-weight: 400;\">Szko\u0142a jest szko\u0142\u0105 publiczn\u0105, a w jej sk\u0142ad wchodz\u0105 szko\u0142a podstawowa i oddzia\u0142 przedszkolny.<\/span><\/li>\n<li style=\"font-weight: 400;\" aria-level=\"1\"><span style=\"font-weight: 400;\">Siedzib\u0105 szko\u0142y jest budynek przy ulicy Buchenwaldczyk\u00f3w 25 w Zabrzu.<\/span><\/li>\n<li style=\"font-weight: 400;\" aria-level=\"1\"><span style=\"font-weight: 400;\">Organem prowadz\u0105cym szko\u0142\u0119 jest Miasto Zabrze, kt\u00f3re z tego tytu\u0142u odpowiada\u00a0<\/span><\/li>\n<\/ol>\n<p><span style=\"font-weight: 400;\">za jej dzia\u0142alno\u015b\u0107 oraz sprawuje nadz\u00f3r nad ni\u0105 w zakresie spraw finansowych<\/span><\/p>\n<p><span style=\"font-weight: 400;\">\u00a0i administracyjnych, z uwzgl\u0119dnieniem odr\u0119bnych przepis\u00f3w.<\/span><\/p>\n<ol>\n<li style=\"font-weight: 400;\" aria-level=\"1\"><span style=\"font-weight: 400;\">Nadz\u00f3r pedagogiczny nad szko\u0142\u0105 sprawuje \u015al\u0105ski Kuratorium O\u015bwiaty zgodnie\u00a0<\/span><\/li>\n<\/ol>\n<p><span style=\"font-weight: 400;\">z przepisami Ustawy.<\/span><\/p>\n<p><b> \u00a7 2<\/b><\/p>\n<ol>\n<li style=\"font-weight: 400;\" aria-level=\"1\"><span style=\"font-weight: 400;\">Jako publiczna o\u015bmioletnia szko\u0142a podstawowa, szko\u0142a umo\u017cliwia uzyskanie wykszta\u0142cenia podstawowego i spe\u0142nianie obowi\u0105zku szkolnego dzieciom zamieszka\u0142ym\u00a0 w jej obwodzie, okre\u015blonym w przepisach prawa miejscowego, \u00a0 \u00a0 \u00a0 \u00a0 a tak\u017ce dzieciom romskiej mniejszo\u015bci etnicznej i w miar\u0119 mo\u017cliwo\u015bci tak\u017ce innym mieszka\u0144com Zabrza.<\/span><\/li>\n<li style=\"font-weight: 400;\" aria-level=\"1\"><span style=\"font-weight: 400;\">Szko\u0142a zapewnia mo\u017cliwo\u015b\u0107 kszta\u0142cenia, wychowania i opieki uczni\u00f3w b\u0119d\u0105cych obywatelami Ukrainy.<\/span><\/li>\n<li style=\"font-weight: 400;\" aria-level=\"1\"><span style=\"font-weight: 400;\">Szko\u0142a prowadzi tak\u017ce oddzia\u0142 przedszkolny dla dzieci\u00a0 \u2013 dedykowany mieszka\u0144com Zabrza, w tym nale\u017c\u0105cym do romskiej mniejszo\u015bci etnicznej, umo\u017cliwiaj\u0105c tym samym odbycie przez nich rocznego przygotowania przedszkolnego. Nauka w oddziale przedszkolnym jest bezp\u0142atna w godzinach ustalonych przez organ prowadz\u0105cy.<\/span><\/li>\n<li style=\"font-weight: 400;\" aria-level=\"1\"><span style=\"font-weight: 400;\">Szko\u0142a prowadzi dziennik elektroniczny \u2013 Mobidziennik (zasady funkcjonowania stanowi\u0105 za\u0142\u0105cznik).<\/span><\/li>\n<li style=\"font-weight: 400;\" aria-level=\"1\"><span style=\"font-weight: 400;\">W celu zapewnienia bezpiecze\u0144stwa uczniom, pracownikom szko\u0142y i ochrony\u00a0 \u00a0 \u00a0 \u00a0 mienia budynek i teren szko\u0142y obj\u0119ty jest monitoringiem wizyjnym.\u00a0<\/span><\/li>\n<\/ol>\n<p><b> \u00a7 3<\/b><\/p>\n<ol>\n<li style=\"font-weight: 400;\" aria-level=\"1\"><span style=\"font-weight: 400;\">Formu\u0142\u0119 organizacyjn\u0105 i prawn\u0105 Szko\u0142y potwierdzaj\u0105 nast\u0119puj\u0105ce urz\u0119dowe rejestry:\u00a0<\/span><\/li>\n<\/ol>\n<ol>\n<li style=\"font-weight: 400;\" aria-level=\"2\"><span style=\"font-weight: 400;\">Krajowy Rejestr Urz\u0119dowy Podmiot\u00f3w Gospodarki Narodowej prowadzony przez G\u0142\u00f3wny Urz\u0105d Statystyczny \u2013 pod numerem identyfikacyjnym REGON 000730900;<\/span><\/li>\n<li style=\"font-weight: 400;\" aria-level=\"2\"><span style=\"font-weight: 400;\">Rejestr Szk\u00f3\u0142 i Plac\u00f3wek O\u015bwiatowych prowadzony w ramach systemu informacji o\u015bwiatowej przez ministra w\u0142a\u015bciwego do spraw o\u015bwiaty \u2013 pod numerem RSPO 15480.<\/span><\/li>\n<\/ol>\n<p>&nbsp;<\/p>\n<p><strong>Ca\u0142y dokument dost\u0119pny w pliku PDF =&gt;<br \/>\n<a href=\"https:\/\/sp43.zabrze.pl\/wp-content\/uploads\/2025\/09\/NOWY-STATUT-SP-43-W-ZABRZU-wersja-zatwierdzona-przez-RP.pdf\">https:\/\/sp43.zabrze.pl\/wp-content\/uploads\/2025\/09\/NOWY-STATUT-SP-43-W-ZABRZU-wersja-zatwierdzona-przez-RP.pdf<\/a><\/strong><\/p>\n","protected":false},"excerpt":{"rendered":"<p>Statut Szko\u0142y Podstawowej Nr 43 w Zabrzu (8-letnia szko\u0142a podstawowa) Rozdzia\u0142 I &#8211; Postanowienia og\u00f3lne (wyci\u0105g ze Statutu) \u00a7 1 [&hellip;]<\/p>\n","protected":false},"author":4,"featured_media":0,"comment_status":"closed","ping_status":"closed","sticky":false,"template":"","format":"standard","meta":{"footnotes":""},"categories":[38,26],"tags":[],"class_list":["post-3709","post","type-post","status-publish","format-standard","hentry","category-o-szkole","category-rozne-2"],"aioseo_notices":[],"_links":{"self":[{"href":"https:\/\/sp43.zabrze.pl\/index.php?rest_route=\/wp\/v2\/posts\/3709","targetHints":{"allow":["GET"]}}],"collection":[{"href":"https:\/\/sp43.zabrze.pl\/index.php?rest_route=\/wp\/v2\/posts"}],"about":[{"href":"https:\/\/sp43.zabrze.pl\/index.php?rest_route=\/wp\/v2\/types\/post"}],"author":[{"embeddable":true,"href":"https:\/\/sp43.zabrze.pl\/index.php?rest_route=\/wp\/v2\/users\/4"}],"replies":[{"embeddable":true,"href":"https:\/\/sp43.zabrze.pl\/index.php?rest_route=%2Fwp%2Fv2%2Fcomments&post=3709"}],"version-history":[{"count":3,"href":"https:\/\/sp43.zabrze.pl\/index.php?rest_route=\/wp\/v2\/posts\/3709\/revisions"}],"predecessor-version":[{"id":3714,"href":"https:\/\/sp43.zabrze.pl\/index.php?rest_route=\/wp\/v2\/posts\/3709\/revisions\/3714"}],"wp:attachment":[{"href":"https:\/\/sp43.zabrze.pl\/index.php?rest_route=%2Fwp%2Fv2%2Fmedia&parent=3709"}],"wp:term":[{"taxonomy":"category","embeddable":true,"href":"https:\/\/sp43.zabrze.pl\/index.php?rest_route=%2Fwp%2Fv2%2Fcategories&post=3709"},{"taxonomy":"post_tag","embeddable":true,"href":"https:\/\/sp43.zabrze.pl\/index.php?rest_route=%2Fwp%2Fv2%2Ftags&post=3709"}],"curies":[{"name":"wp","href":"https:\/\/api.w.org\/{rel}","templated":true}]}}