{"id":3588,"date":"2024-10-24T15:08:34","date_gmt":"2024-10-24T13:08:34","guid":{"rendered":"https:\/\/sp43.zabrze.pl\/?p=3588"},"modified":"2024-10-24T15:08:34","modified_gmt":"2024-10-24T13:08:34","slug":"europejski-dzien-przywracania-czynnosci-serca","status":"publish","type":"post","link":"https:\/\/sp43.zabrze.pl\/?p=3588","title":{"rendered":"Europejski Dzie\u0144 Przywracania Czynno\u015bci Serca"},"content":{"rendered":"<p>17 go pa\u017adziernika uczniowie klas VII uczestniczyli w warsztatach pierwszej pomocy.<\/p>\n<p>Zaj\u0119cia zosta\u0142y zorganizowane z okazji obchodzonego 16go pa\u017adziernika Europejskiego Dnia Przywracania Czynno\u015bci Serca. <span style=\"font-size: 1rem;\">To wa\u017cna inicjatywa, kt\u00f3ra pozwala na podniesienie \u015bwiadomo\u015bci i wiedzy na temat zasad udzielania pierwszej pomocy.<\/span><\/p>\n<p>Uczniowie bior\u0105c udzia\u0142 w tematycznych warsztatach z zakresu pierwszej pomocy, dowiedzieli si\u0119 jak udziela\u0107 pomocy osobie u kt\u00f3rej dosz\u0142o do nag\u0142ego zatrzymania akcji serca: jak prowadzi\u0107 RKO oraz u\u017cywa\u0107 urz\u0105dzenia AED.<\/p>\n<p>Na terenie naszej szko\u0142y pojawi\u0142y si\u0119 materia\u0142y tematyczne<\/p>\n<h2 style=\"text-align: center;\">Pami\u0119tajmy: nie b\u00f3jmy si\u0119 pomaga\u0107. SPRAWD\u0179-ZADZWO\u0143-UCISKAJ!<\/h2>\n<div id='gallery-1' class='gallery galleryid-3588 gallery-columns-3 gallery-size-thumbnail'><figure class='gallery-item'>\n\t\t\t<div class='gallery-icon portrait'>\n\t\t\t\t<a href='https:\/\/sp43.zabrze.pl\/wp-content\/uploads\/2024\/10\/5-2.jpg'><img loading=\"lazy\" decoding=\"async\" width=\"150\" height=\"150\" src=\"https:\/\/sp43.zabrze.pl\/wp-content\/uploads\/2024\/10\/5-2-150x150.jpg\" class=\"attachment-thumbnail size-thumbnail\" alt=\"\" \/><\/a>\n\t\t\t<\/div><\/figure><figure class='gallery-item'>\n\t\t\t<div class='gallery-icon portrait'>\n\t\t\t\t<a href='https:\/\/sp43.zabrze.pl\/wp-content\/uploads\/2024\/10\/1-2.jpg'><img loading=\"lazy\" decoding=\"async\" width=\"150\" height=\"150\" src=\"https:\/\/sp43.zabrze.pl\/wp-content\/uploads\/2024\/10\/1-2-150x150.jpg\" class=\"attachment-thumbnail size-thumbnail\" alt=\"\" \/><\/a>\n\t\t\t<\/div><\/figure><figure class='gallery-item'>\n\t\t\t<div class='gallery-icon portrait'>\n\t\t\t\t<a href='https:\/\/sp43.zabrze.pl\/wp-content\/uploads\/2024\/10\/3-2.jpg'><img loading=\"lazy\" decoding=\"async\" width=\"150\" height=\"150\" src=\"https:\/\/sp43.zabrze.pl\/wp-content\/uploads\/2024\/10\/3-2-150x150.jpg\" class=\"attachment-thumbnail size-thumbnail\" alt=\"\" \/><\/a>\n\t\t\t<\/div><\/figure><figure class='gallery-item'>\n\t\t\t<div class='gallery-icon portrait'>\n\t\t\t\t<a href='https:\/\/sp43.zabrze.pl\/wp-content\/uploads\/2024\/10\/4-2.jpg'><img loading=\"lazy\" decoding=\"async\" width=\"150\" height=\"150\" src=\"https:\/\/sp43.zabrze.pl\/wp-content\/uploads\/2024\/10\/4-2-150x150.jpg\" class=\"attachment-thumbnail size-thumbnail\" alt=\"\" \/><\/a>\n\t\t\t<\/div><\/figure><figure class='gallery-item'>\n\t\t\t<div class='gallery-icon landscape'>\n\t\t\t\t<a href='https:\/\/sp43.zabrze.pl\/wp-content\/uploads\/2024\/10\/0-1.jpg'><img loading=\"lazy\" decoding=\"async\" width=\"150\" height=\"150\" src=\"https:\/\/sp43.zabrze.pl\/wp-content\/uploads\/2024\/10\/0-1-150x150.jpg\" class=\"attachment-thumbnail size-thumbnail\" alt=\"\" \/><\/a>\n\t\t\t<\/div><\/figure><figure class='gallery-item'>\n\t\t\t<div class='gallery-icon portrait'>\n\t\t\t\t<a href='https:\/\/sp43.zabrze.pl\/wp-content\/uploads\/2024\/10\/2-2.jpg'><img loading=\"lazy\" decoding=\"async\" width=\"150\" height=\"150\" src=\"https:\/\/sp43.zabrze.pl\/wp-content\/uploads\/2024\/10\/2-2-150x150.jpg\" class=\"attachment-thumbnail size-thumbnail\" alt=\"\" \/><\/a>\n\t\t\t<\/div><\/figure>\n\t\t<\/div>\n\n<p style=\"text-align: right;\">\n<em>Dominika Ga\u0142\u0105\u017cewska<\/em><\/p>\n","protected":false},"excerpt":{"rendered":"<p>17 go pa\u017adziernika uczniowie klas VII uczestniczyli w warsztatach pierwszej pomocy. Zaj\u0119cia zosta\u0142y zorganizowane z okazji obchodzonego 16go pa\u017adziernika Europejskiego [&hellip;]<\/p>\n","protected":false},"author":4,"featured_media":3594,"comment_status":"closed","ping_status":"closed","sticky":false,"template":"","format":"standard","meta":{"footnotes":""},"categories":[19,38,49,25,27],"tags":[],"class_list":["post-3588","post","type-post","status-publish","format-standard","has-post-thumbnail","hentry","category-niusy","category-o-szkole","category-rok-szkolny-2024-2025","category-dla-dzieci","category-swietlica"],"aioseo_notices":[],"_links":{"self":[{"href":"https:\/\/sp43.zabrze.pl\/index.php?rest_route=\/wp\/v2\/posts\/3588","targetHints":{"allow":["GET"]}}],"collection":[{"href":"https:\/\/sp43.zabrze.pl\/index.php?rest_route=\/wp\/v2\/posts"}],"about":[{"href":"https:\/\/sp43.zabrze.pl\/index.php?rest_route=\/wp\/v2\/types\/post"}],"author":[{"embeddable":true,"href":"https:\/\/sp43.zabrze.pl\/index.php?rest_route=\/wp\/v2\/users\/4"}],"replies":[{"embeddable":true,"href":"https:\/\/sp43.zabrze.pl\/index.php?rest_route=%2Fwp%2Fv2%2Fcomments&post=3588"}],"version-history":[{"count":1,"href":"https:\/\/sp43.zabrze.pl\/index.php?rest_route=\/wp\/v2\/posts\/3588\/revisions"}],"predecessor-version":[{"id":3595,"href":"https:\/\/sp43.zabrze.pl\/index.php?rest_route=\/wp\/v2\/posts\/3588\/revisions\/3595"}],"wp:featuredmedia":[{"embeddable":true,"href":"https:\/\/sp43.zabrze.pl\/index.php?rest_route=\/wp\/v2\/media\/3594"}],"wp:attachment":[{"href":"https:\/\/sp43.zabrze.pl\/index.php?rest_route=%2Fwp%2Fv2%2Fmedia&parent=3588"}],"wp:term":[{"taxonomy":"category","embeddable":true,"href":"https:\/\/sp43.zabrze.pl\/index.php?rest_route=%2Fwp%2Fv2%2Fcategories&post=3588"},{"taxonomy":"post_tag","embeddable":true,"href":"https:\/\/sp43.zabrze.pl\/index.php?rest_route=%2Fwp%2Fv2%2Ftags&post=3588"}],"curies":[{"name":"wp","href":"https:\/\/api.w.org\/{rel}","templated":true}]}}