{"id":3338,"date":"2024-03-08T08:51:27","date_gmt":"2024-03-08T07:51:27","guid":{"rendered":"https:\/\/sp43.zabrze.pl\/?p=3338"},"modified":"2024-03-19T14:49:55","modified_gmt":"2024-03-19T13:49:55","slug":"zapraszamy-do-kl-i-na-2024-2025","status":"publish","type":"post","link":"https:\/\/sp43.zabrze.pl\/?p=3338","title":{"rendered":"Zapisy do klas I na rok szkolny 2024\/2025"},"content":{"rendered":"<p style=\"text-align: center;\"><strong>ZARZ\u0104DZENIE NR 1114\/WO\/2023<\/strong><br \/>\n<strong>PREZYDENTA MIASTA ZABRZE<\/strong><br \/>\n<strong>z dnia 13 grudnia 2023 r.<\/strong><\/p>\n<p><em><strong>w sprawie okre\u015blenia termin\u00f3w przeprowadzenia post\u0119powania rekrutacyjnego oraz post\u0119powania <\/strong><strong>uzupe\u0142niaj\u0105cego, w tym termin\u00f3w sk\u0142adania dokument\u00f3w, na rok szkolny 2024\/2025 do klasy pierwszej publicznej szko\u0142y podstawowej og\u00f3lnodost\u0119pnej, prowadzonej przez Miasto Zabrze, dla kandydat\u00f3w zamieszka\u0142ych poza obwodem szko\u0142y<\/strong><\/em><\/p>\n<p>Na podstawie art. 30 ust. 1 ustawy z dnia 8 marca 1990 r. o samorz\u0105dzie gminnym (t.j. Dz. U. z 2023 r.<br \/>\npoz. 40, 572, 1463, 1688), art. 8 ust. 15, art. 133 ust. 2, art. 154 ust. 1 pkt 1 oraz art. 29 ust. 2 pkt 2 ustawy<br \/>\nz dnia 14 grudnia 2016 r. Prawo o\u015bwiatowe (t.j. Dz. U. z 2023 r. poz. 900, 1672, 1718, 2005), zarz\u0105dza si\u0119, co nast\u0119puje:<\/p>\n<p><strong>\u00a7 1. <\/strong><\/p>\n<p>Ilekro\u0107 w zarz\u0105dzeniu jest mowa o:<\/p>\n<ol>\n<li>ustawie &#8211; rozumie si\u0119 przez to ustaw\u0119 z dnia 14 grudnia 2016 r. Prawo o\u015bwiatowe (t.j. Dz. U. z 2023 r. poz. 900, 1672, 1718, 2005);<\/li>\n<li>szkole podstawowej &#8211; rozumie si\u0119 przez to publiczn\u0105 szko\u0142\u0119 podstawow\u0105 og\u00f3lnodost\u0119pn\u0105, prowadzon\u0105 przez Miasto Zabrze;<\/li>\n<li>kandydacie &#8211; rozumie si\u0119 przez to dziecko aplikuj\u0105ce do klasy pierwszej szko\u0142y podstawowej, zamieszka\u0142e poza obwodem tej szko\u0142y;<\/li>\n<li>wniosku &#8211; rozumie si\u0119 przez to wniosek rodzica kandydata o przyj\u0119cie do klasy pierwszej szko\u0142y<br \/>\npodstawowej;<\/li>\n<li>kryteriach i dokumentach &#8211; rozumie si\u0119 przez to kryteria i dokumenty, o kt\u00f3rych mowa w Uchwale Nr XXXVIII\/429\/17 Rady Miasta Zabrze z dnia 13 marca 2017 r. w sprawie okre\u015blenia w post\u0119powaniu rekrutacyjnym do klas pierwszych publicznych szk\u00f3\u0142 podstawowych og\u00f3lnodost\u0119pnych, prowadzonych przez Miasto Zabrze, dla kandydat\u00f3w zamieszka\u0142ych poza obwodem publicznej szko\u0142y podstawowej og\u00f3lnodost\u0119pnej, kryteri\u00f3w i przyznania ka\u017cdemu kryterium liczby punkt\u00f3w oraz okre\u015blenia dokument\u00f3w\u00a0niezb\u0119dnych do potwierdzenia tych kryteri\u00f3w.<\/li>\n<\/ol>\n<p><strong>\u00a7 2<\/strong>.<\/p>\n<p>Okre\u015bli\u0107 terminy przeprowadzania post\u0119powania rekrutacyjnego oraz post\u0119powania uzupe\u0142niaj\u0105cego, w tym terminy sk\u0142adania dokument\u00f3w, na rok szkolny 2024\/2025 do klasy pierwszej szko\u0142y podstawowej, dla kandydat\u00f3w zamieszka\u0142ych poza obwodem szko\u0142y, zgodnie z za\u0142\u0105cznikiem do niniejszego zarz\u0105dzenia.<\/p>\n<p><strong>\u00a7 3.<\/strong><\/p>\n<p>Wykonanie zarz\u0105dzenia powierzy\u0107 Naczelnikowi Wydzia\u0142u O\u015bwiaty.<\/p>\n<p><strong>\u00a7 4.<\/strong><\/p>\n<p>Zarz\u0105dzenie wchodzi w \u017cycie z dniem podpisania.<\/p>\n<p style=\"text-align: center; padding-left: 480px;\"><em><strong>Prezydent Miasta<\/strong><\/em><br \/>\n<em><strong>Ma\u0142gorzata Ma\u0144ka-Szulik<\/strong><\/em><\/p>\n<p>&nbsp;<\/p>\n<p><strong><a href=\"https:\/\/bip.miastozabrze.pl\/attachment\/52603\">Zarz\u0105dzenie wraz z za\u0142\u0105cznikami dost\u0119pne tutaj https:\/\/bip.miastozabrze.pl\/attachment\/52603<\/a><\/strong><\/p>\n","protected":false},"excerpt":{"rendered":"<p>ZARZ\u0104DZENIE NR 1114\/WO\/2023 PREZYDENTA MIASTA ZABRZE z dnia 13 grudnia 2023 r. w sprawie okre\u015blenia termin\u00f3w przeprowadzenia post\u0119powania rekrutacyjnego oraz [&hellip;]<\/p>\n","protected":false},"author":4,"featured_media":0,"comment_status":"closed","ping_status":"closed","sticky":false,"template":"","format":"standard","meta":{"footnotes":""},"categories":[19,38,22,48,26],"tags":[],"class_list":["post-3338","post","type-post","status-publish","format-standard","hentry","category-niusy","category-o-szkole","category-rozne","category-rok-szkolny-2023-2024","category-rozne-2"],"aioseo_notices":[],"_links":{"self":[{"href":"https:\/\/sp43.zabrze.pl\/index.php?rest_route=\/wp\/v2\/posts\/3338","targetHints":{"allow":["GET"]}}],"collection":[{"href":"https:\/\/sp43.zabrze.pl\/index.php?rest_route=\/wp\/v2\/posts"}],"about":[{"href":"https:\/\/sp43.zabrze.pl\/index.php?rest_route=\/wp\/v2\/types\/post"}],"author":[{"embeddable":true,"href":"https:\/\/sp43.zabrze.pl\/index.php?rest_route=\/wp\/v2\/users\/4"}],"replies":[{"embeddable":true,"href":"https:\/\/sp43.zabrze.pl\/index.php?rest_route=%2Fwp%2Fv2%2Fcomments&post=3338"}],"version-history":[{"count":3,"href":"https:\/\/sp43.zabrze.pl\/index.php?rest_route=\/wp\/v2\/posts\/3338\/revisions"}],"predecessor-version":[{"id":3346,"href":"https:\/\/sp43.zabrze.pl\/index.php?rest_route=\/wp\/v2\/posts\/3338\/revisions\/3346"}],"wp:attachment":[{"href":"https:\/\/sp43.zabrze.pl\/index.php?rest_route=%2Fwp%2Fv2%2Fmedia&parent=3338"}],"wp:term":[{"taxonomy":"category","embeddable":true,"href":"https:\/\/sp43.zabrze.pl\/index.php?rest_route=%2Fwp%2Fv2%2Fcategories&post=3338"},{"taxonomy":"post_tag","embeddable":true,"href":"https:\/\/sp43.zabrze.pl\/index.php?rest_route=%2Fwp%2Fv2%2Ftags&post=3338"}],"curies":[{"name":"wp","href":"https:\/\/api.w.org\/{rel}","templated":true}]}}