{"id":2605,"date":"2022-06-10T13:14:07","date_gmt":"2022-06-10T11:14:07","guid":{"rendered":"https:\/\/sp43.zabrze.pl\/?p=2605"},"modified":"2022-06-10T13:47:13","modified_gmt":"2022-06-10T11:47:13","slug":"zabawa-sztuka","status":"publish","type":"post","link":"https:\/\/sp43.zabrze.pl\/?p=2605","title":{"rendered":"Zabawa Sztuk\u0105"},"content":{"rendered":"<p>31-go maja zako\u0144czyli\u015bmy og\u00f3lnopolski projekt edukacyjny \u201eZabawa sztuk\u0105\u201d.<br \/>\nW trakcie projektu zrealizowali\u015bmy wiele wspania\u0142ych dzia\u0142a\u0144 i poszerzyli\u015bmy swoj\u0105 wiedz\u0119 na temat sztuki. Projekt realizowa\u0142y kl. I-III w klasach oraz \u015bwietlicy szkolnej, a tak\u017ce starsze na lekcjach plastyki.<br \/>\nZorganizowali\u015bmy \u201eFestiwal Tw\u00f3rczo\u015bci\u201d z okazji Mi\u0119dzynarodowego Dnia Kropki. Wzi\u0119li\u015bmy udzia\u0142 w akcji charytatywno-ekologicznej \u201eKolorowe kredki\u201d. Malowali\u015bmy na mleku prace inspirowane tw\u00f3rczo\u015bci\u0105 Wojciecha Fangora.\u00a0Tworzyli\u015bmy wspania\u0142e rze\u017aby z masy solnej. Odkrywali\u015bmy obrazy za podstawie utwor\u00f3w muzyki klasycznej, a tak\u017ce stworzyli\u015bmy prace inspirowane jednym z nich. Poznali\u015bmy tw\u00f3rczo\u015b\u0107 i prace Vincenta van Goga tworz\u0105c drzewo sztuki i wieszaj\u0105c na nim prace inspirowane jego tw\u00f3rczo\u015bci\u0105.<\/p>\n<p style=\"text-align: left;\">Gratulujemy dzieciom kreatywno\u015bci i talentu. Dzi\u0119kujemy za pomoc i wsp\u00f3\u0142prac\u0119 wszystkim nauczycielom i pracownikom szko\u0142y.<\/p>\n<p>Zapraszam do zapoznania si\u0119 z podsumowaniem projektu (kliknij w obrazek poni\u017cej)<\/p>\n<p><a href=\"https:\/\/www.canva.com\/design\/DAFCcLgv13M\/8lZMHODQ4ok9pIYWdfwTAw\/view?utm_content=DAFCcLgv13M&amp;utm_campaign=designshare&amp;utm_medium=link&amp;utm_source=publishsharelink\" target=\"_blank\" rel=\"noopener\"><img loading=\"lazy\" decoding=\"async\" class=\"aligncenter wp-image-2606\" src=\"https:\/\/sp43.zabrze.pl\/wp-content\/uploads\/2022\/06\/obraz_2022-06-10_130839.png\" alt=\"\" width=\"606\" height=\"341\" srcset=\"https:\/\/sp43.zabrze.pl\/wp-content\/uploads\/2022\/06\/obraz_2022-06-10_130839.png 1600w, https:\/\/sp43.zabrze.pl\/wp-content\/uploads\/2022\/06\/obraz_2022-06-10_130839-300x169.png 300w, https:\/\/sp43.zabrze.pl\/wp-content\/uploads\/2022\/06\/obraz_2022-06-10_130839-1024x576.png 1024w, https:\/\/sp43.zabrze.pl\/wp-content\/uploads\/2022\/06\/obraz_2022-06-10_130839-768x432.png 768w, https:\/\/sp43.zabrze.pl\/wp-content\/uploads\/2022\/06\/obraz_2022-06-10_130839-1536x864.png 1536w\" sizes=\"auto, (max-width: 606px) 100vw, 606px\" \/><\/a><\/p>\n<p style=\"text-align: right;\"><em>koordynator Dominika Ga\u0142\u0105\u017cewska<\/em><\/p>\n","protected":false},"excerpt":{"rendered":"<p>31-go maja zako\u0144czyli\u015bmy og\u00f3lnopolski projekt edukacyjny \u201eZabawa sztuk\u0105\u201d. W trakcie projektu zrealizowali\u015bmy wiele wspania\u0142ych dzia\u0142a\u0144 i poszerzyli\u015bmy swoj\u0105 wiedz\u0119 na [&hellip;]<\/p>\n","protected":false},"author":4,"featured_media":2606,"comment_status":"closed","ping_status":"closed","sticky":false,"template":"","format":"standard","meta":{"footnotes":""},"categories":[19,1,41,25,24],"tags":[],"class_list":["post-2605","post","type-post","status-publish","format-standard","has-post-thumbnail","hentry","category-niusy","category-bez-kategorii","category-rok-szkolny-2021-2022","category-dla-dzieci","category-dla-rodzica"],"aioseo_notices":[],"_links":{"self":[{"href":"https:\/\/sp43.zabrze.pl\/index.php?rest_route=\/wp\/v2\/posts\/2605","targetHints":{"allow":["GET"]}}],"collection":[{"href":"https:\/\/sp43.zabrze.pl\/index.php?rest_route=\/wp\/v2\/posts"}],"about":[{"href":"https:\/\/sp43.zabrze.pl\/index.php?rest_route=\/wp\/v2\/types\/post"}],"author":[{"embeddable":true,"href":"https:\/\/sp43.zabrze.pl\/index.php?rest_route=\/wp\/v2\/users\/4"}],"replies":[{"embeddable":true,"href":"https:\/\/sp43.zabrze.pl\/index.php?rest_route=%2Fwp%2Fv2%2Fcomments&post=2605"}],"version-history":[{"count":8,"href":"https:\/\/sp43.zabrze.pl\/index.php?rest_route=\/wp\/v2\/posts\/2605\/revisions"}],"predecessor-version":[{"id":2614,"href":"https:\/\/sp43.zabrze.pl\/index.php?rest_route=\/wp\/v2\/posts\/2605\/revisions\/2614"}],"wp:featuredmedia":[{"embeddable":true,"href":"https:\/\/sp43.zabrze.pl\/index.php?rest_route=\/wp\/v2\/media\/2606"}],"wp:attachment":[{"href":"https:\/\/sp43.zabrze.pl\/index.php?rest_route=%2Fwp%2Fv2%2Fmedia&parent=2605"}],"wp:term":[{"taxonomy":"category","embeddable":true,"href":"https:\/\/sp43.zabrze.pl\/index.php?rest_route=%2Fwp%2Fv2%2Fcategories&post=2605"},{"taxonomy":"post_tag","embeddable":true,"href":"https:\/\/sp43.zabrze.pl\/index.php?rest_route=%2Fwp%2Fv2%2Ftags&post=2605"}],"curies":[{"name":"wp","href":"https:\/\/api.w.org\/{rel}","templated":true}]}}