{"id":2574,"date":"2022-05-10T13:43:52","date_gmt":"2022-05-10T11:43:52","guid":{"rendered":"https:\/\/sp43.zabrze.pl\/?p=2574"},"modified":"2022-05-10T13:45:39","modified_gmt":"2022-05-10T11:45:39","slug":"dzien-europy-w-iiib","status":"publish","type":"post","link":"https:\/\/sp43.zabrze.pl\/?p=2574","title":{"rendered":"Dzie\u0144 Europy w IIIb"},"content":{"rendered":"<p>9 maja obchodzimy Dzie\u0144 Europy. Jest to dzie\u0144, w kt\u00f3rym co roku \u015bwi\u0119tujemy pok\u00f3j i jedno\u015b\u0107 w Europie.<\/p>\n<p>Uczniowie klasy 3B przygotowali w swojej klasie wspania\u0142e prezentacje o wylosowanych przez siebie pa\u0144stwach. Dzi\u0119ki temu poznali\u015bmy symbole narodowe, dowiedzieli\u015bmy si\u0119 wiele interesuj\u0105cych wiadomo\u015bci i ciekawostek o Hiszpanii, Grecji, W\u0142oszech, Francji, Holandii i Wielkiej Brytanii. Nie zabrak\u0142o ciekawych gad\u017cet\u00f3w, stroj\u00f3w narodowych oraz tradycyjnych potraw. Mo\u017cna by\u0142o skosztowa\u0107 sa\u0142atk\u0119 greck\u0105, pizz\u0119, churros, holenderskie sery, croissanty, makaroniki a tak\u017ce napi\u0107 si\u0119 angielskiej herbatki \ud83d\ude42<\/p>\n<p>Uda\u0142o si\u0119 te\u017c zata\u0144czy\u0107 Zorb\u0119 i ws\u0142ucha\u0107 si\u0119 w rytmy hiszpa\u0144skiego flamenco \ud83d\ude42<\/p>\n<p>To by\u0142 wspania\u0142y dzie\u0144 !!<\/p>\n<div id='gallery-1' class='gallery galleryid-2574 gallery-columns-5 gallery-size-thumbnail'><figure class='gallery-item'>\n\t\t\t<div class='gallery-icon landscape'>\n\t\t\t\t<a href='https:\/\/sp43.zabrze.pl\/wp-content\/uploads\/2022\/05\/IMG_0986.jpg'><img loading=\"lazy\" decoding=\"async\" width=\"150\" height=\"150\" src=\"https:\/\/sp43.zabrze.pl\/wp-content\/uploads\/2022\/05\/IMG_0986-150x150.jpg\" class=\"attachment-thumbnail size-thumbnail\" alt=\"\" \/><\/a>\n\t\t\t<\/div><\/figure><figure class='gallery-item'>\n\t\t\t<div class='gallery-icon landscape'>\n\t\t\t\t<a href='https:\/\/sp43.zabrze.pl\/wp-content\/uploads\/2022\/05\/IMG_0989.jpg'><img loading=\"lazy\" decoding=\"async\" width=\"150\" height=\"150\" src=\"https:\/\/sp43.zabrze.pl\/wp-content\/uploads\/2022\/05\/IMG_0989-150x150.jpg\" class=\"attachment-thumbnail size-thumbnail\" alt=\"\" \/><\/a>\n\t\t\t<\/div><\/figure><figure class='gallery-item'>\n\t\t\t<div class='gallery-icon landscape'>\n\t\t\t\t<a href='https:\/\/sp43.zabrze.pl\/wp-content\/uploads\/2022\/05\/IMG_0992.jpg'><img loading=\"lazy\" decoding=\"async\" width=\"150\" height=\"150\" src=\"https:\/\/sp43.zabrze.pl\/wp-content\/uploads\/2022\/05\/IMG_0992-150x150.jpg\" class=\"attachment-thumbnail size-thumbnail\" alt=\"\" \/><\/a>\n\t\t\t<\/div><\/figure><figure class='gallery-item'>\n\t\t\t<div class='gallery-icon landscape'>\n\t\t\t\t<a href='https:\/\/sp43.zabrze.pl\/wp-content\/uploads\/2022\/05\/IMG_0997.jpg'><img loading=\"lazy\" decoding=\"async\" width=\"150\" height=\"150\" src=\"https:\/\/sp43.zabrze.pl\/wp-content\/uploads\/2022\/05\/IMG_0997-150x150.jpg\" class=\"attachment-thumbnail size-thumbnail\" alt=\"\" \/><\/a>\n\t\t\t<\/div><\/figure><figure class='gallery-item'>\n\t\t\t<div class='gallery-icon landscape'>\n\t\t\t\t<a href='https:\/\/sp43.zabrze.pl\/wp-content\/uploads\/2022\/05\/IMG_1006.jpg'><img loading=\"lazy\" decoding=\"async\" width=\"150\" height=\"150\" src=\"https:\/\/sp43.zabrze.pl\/wp-content\/uploads\/2022\/05\/IMG_1006-150x150.jpg\" class=\"attachment-thumbnail size-thumbnail\" alt=\"\" \/><\/a>\n\t\t\t<\/div><\/figure><figure class='gallery-item'>\n\t\t\t<div class='gallery-icon landscape'>\n\t\t\t\t<a href='https:\/\/sp43.zabrze.pl\/wp-content\/uploads\/2022\/05\/IMG_1009.jpg'><img loading=\"lazy\" decoding=\"async\" width=\"150\" height=\"150\" src=\"https:\/\/sp43.zabrze.pl\/wp-content\/uploads\/2022\/05\/IMG_1009-150x150.jpg\" class=\"attachment-thumbnail size-thumbnail\" alt=\"\" \/><\/a>\n\t\t\t<\/div><\/figure><figure class='gallery-item'>\n\t\t\t<div class='gallery-icon landscape'>\n\t\t\t\t<a href='https:\/\/sp43.zabrze.pl\/wp-content\/uploads\/2022\/05\/IMG_1014.jpg'><img loading=\"lazy\" decoding=\"async\" width=\"150\" height=\"150\" src=\"https:\/\/sp43.zabrze.pl\/wp-content\/uploads\/2022\/05\/IMG_1014-150x150.jpg\" class=\"attachment-thumbnail size-thumbnail\" alt=\"\" \/><\/a>\n\t\t\t<\/div><\/figure><figure class='gallery-item'>\n\t\t\t<div class='gallery-icon landscape'>\n\t\t\t\t<a href='https:\/\/sp43.zabrze.pl\/wp-content\/uploads\/2022\/05\/IMG_1026.jpg'><img loading=\"lazy\" decoding=\"async\" width=\"150\" height=\"150\" src=\"https:\/\/sp43.zabrze.pl\/wp-content\/uploads\/2022\/05\/IMG_1026-150x150.jpg\" class=\"attachment-thumbnail size-thumbnail\" alt=\"\" \/><\/a>\n\t\t\t<\/div><\/figure><figure class='gallery-item'>\n\t\t\t<div class='gallery-icon landscape'>\n\t\t\t\t<a href='https:\/\/sp43.zabrze.pl\/wp-content\/uploads\/2022\/05\/IMG_1031.jpg'><img loading=\"lazy\" decoding=\"async\" width=\"150\" height=\"150\" src=\"https:\/\/sp43.zabrze.pl\/wp-content\/uploads\/2022\/05\/IMG_1031-150x150.jpg\" class=\"attachment-thumbnail size-thumbnail\" alt=\"\" \/><\/a>\n\t\t\t<\/div><\/figure><figure class='gallery-item'>\n\t\t\t<div class='gallery-icon landscape'>\n\t\t\t\t<a href='https:\/\/sp43.zabrze.pl\/wp-content\/uploads\/2022\/05\/IMG_1035.jpg'><img loading=\"lazy\" decoding=\"async\" width=\"150\" height=\"150\" src=\"https:\/\/sp43.zabrze.pl\/wp-content\/uploads\/2022\/05\/IMG_1035-150x150.jpg\" class=\"attachment-thumbnail size-thumbnail\" alt=\"\" \/><\/a>\n\t\t\t<\/div><\/figure><figure class='gallery-item'>\n\t\t\t<div class='gallery-icon landscape'>\n\t\t\t\t<a href='https:\/\/sp43.zabrze.pl\/wp-content\/uploads\/2022\/05\/IMG_1036.jpg'><img loading=\"lazy\" decoding=\"async\" width=\"150\" height=\"150\" src=\"https:\/\/sp43.zabrze.pl\/wp-content\/uploads\/2022\/05\/IMG_1036-150x150.jpg\" class=\"attachment-thumbnail size-thumbnail\" alt=\"\" \/><\/a>\n\t\t\t<\/div><\/figure><figure class='gallery-item'>\n\t\t\t<div class='gallery-icon landscape'>\n\t\t\t\t<a href='https:\/\/sp43.zabrze.pl\/wp-content\/uploads\/2022\/05\/IMG_1041.jpg'><img loading=\"lazy\" decoding=\"async\" width=\"150\" height=\"150\" src=\"https:\/\/sp43.zabrze.pl\/wp-content\/uploads\/2022\/05\/IMG_1041-150x150.jpg\" class=\"attachment-thumbnail size-thumbnail\" alt=\"\" \/><\/a>\n\t\t\t<\/div><\/figure><figure class='gallery-item'>\n\t\t\t<div class='gallery-icon landscape'>\n\t\t\t\t<a href='https:\/\/sp43.zabrze.pl\/wp-content\/uploads\/2022\/05\/IMG_1042.jpg'><img loading=\"lazy\" decoding=\"async\" width=\"150\" height=\"150\" src=\"https:\/\/sp43.zabrze.pl\/wp-content\/uploads\/2022\/05\/IMG_1042-150x150.jpg\" class=\"attachment-thumbnail size-thumbnail\" alt=\"\" \/><\/a>\n\t\t\t<\/div><\/figure><figure class='gallery-item'>\n\t\t\t<div class='gallery-icon landscape'>\n\t\t\t\t<a href='https:\/\/sp43.zabrze.pl\/wp-content\/uploads\/2022\/05\/IMG_1043.jpg'><img loading=\"lazy\" decoding=\"async\" width=\"150\" height=\"150\" src=\"https:\/\/sp43.zabrze.pl\/wp-content\/uploads\/2022\/05\/IMG_1043-150x150.jpg\" class=\"attachment-thumbnail size-thumbnail\" alt=\"\" \/><\/a>\n\t\t\t<\/div><\/figure><figure class='gallery-item'>\n\t\t\t<div class='gallery-icon landscape'>\n\t\t\t\t<a href='https:\/\/sp43.zabrze.pl\/wp-content\/uploads\/2022\/05\/IMG_1044.jpg'><img loading=\"lazy\" decoding=\"async\" width=\"150\" height=\"150\" src=\"https:\/\/sp43.zabrze.pl\/wp-content\/uploads\/2022\/05\/IMG_1044-150x150.jpg\" class=\"attachment-thumbnail size-thumbnail\" alt=\"\" \/><\/a>\n\t\t\t<\/div><\/figure>\n\t\t<\/div>\n\n<p style=\"text-align: right;\"><em>Martyna Stolfig<\/em><\/p>\n","protected":false},"excerpt":{"rendered":"<p>9 maja obchodzimy Dzie\u0144 Europy. Jest to dzie\u0144, w kt\u00f3rym co roku \u015bwi\u0119tujemy pok\u00f3j i jedno\u015b\u0107 w Europie. Uczniowie klasy [&hellip;]<\/p>\n","protected":false},"author":4,"featured_media":0,"comment_status":"closed","ping_status":"closed","sticky":false,"template":"","format":"standard","meta":{"footnotes":""},"categories":[1,41,25,24],"tags":[],"class_list":["post-2574","post","type-post","status-publish","format-standard","hentry","category-bez-kategorii","category-rok-szkolny-2021-2022","category-dla-dzieci","category-dla-rodzica"],"aioseo_notices":[],"_links":{"self":[{"href":"https:\/\/sp43.zabrze.pl\/index.php?rest_route=\/wp\/v2\/posts\/2574","targetHints":{"allow":["GET"]}}],"collection":[{"href":"https:\/\/sp43.zabrze.pl\/index.php?rest_route=\/wp\/v2\/posts"}],"about":[{"href":"https:\/\/sp43.zabrze.pl\/index.php?rest_route=\/wp\/v2\/types\/post"}],"author":[{"embeddable":true,"href":"https:\/\/sp43.zabrze.pl\/index.php?rest_route=\/wp\/v2\/users\/4"}],"replies":[{"embeddable":true,"href":"https:\/\/sp43.zabrze.pl\/index.php?rest_route=%2Fwp%2Fv2%2Fcomments&post=2574"}],"version-history":[{"count":2,"href":"https:\/\/sp43.zabrze.pl\/index.php?rest_route=\/wp\/v2\/posts\/2574\/revisions"}],"predecessor-version":[{"id":2591,"href":"https:\/\/sp43.zabrze.pl\/index.php?rest_route=\/wp\/v2\/posts\/2574\/revisions\/2591"}],"wp:attachment":[{"href":"https:\/\/sp43.zabrze.pl\/index.php?rest_route=%2Fwp%2Fv2%2Fmedia&parent=2574"}],"wp:term":[{"taxonomy":"category","embeddable":true,"href":"https:\/\/sp43.zabrze.pl\/index.php?rest_route=%2Fwp%2Fv2%2Fcategories&post=2574"},{"taxonomy":"post_tag","embeddable":true,"href":"https:\/\/sp43.zabrze.pl\/index.php?rest_route=%2Fwp%2Fv2%2Ftags&post=2574"}],"curies":[{"name":"wp","href":"https:\/\/api.w.org\/{rel}","templated":true}]}}