{"id":2531,"date":"2022-04-20T07:48:52","date_gmt":"2022-04-20T05:48:52","guid":{"rendered":"https:\/\/sp43.zabrze.pl\/?p=2531"},"modified":"2022-04-21T07:38:31","modified_gmt":"2022-04-21T05:38:31","slug":"warsztaty-krawieckie","status":"publish","type":"post","link":"https:\/\/sp43.zabrze.pl\/?p=2531","title":{"rendered":"Warsztaty krawieckie"},"content":{"rendered":"<p>14 kwietnia grupa uczennic klasy 8a i 8c wzi\u0119\u0142a udzia\u0142 w warsztatach krawieckich.<\/p>\n<p>Podczas zaj\u0119\u0107 pozna\u0142y podstawy bezpiecznej obs\u0142ugi maszyny oraz overlocka.<\/p>\n<p>Uczennice samodzielnie wykroi\u0142y i uszy\u0142y kolorowe bawe\u0142niane poduszki. Dla niekt\u00f3rych by\u0142y to pierwsze zaj\u0119cia z maszyn\u0105 do szycia, tym bardziej gratuluj\u0119 pierwszych szyciowych projekt\u00f3w.<\/p>\n<p>Warsztaty da\u0142y okazj\u0119 do kreatywnego sp\u0119dzenia czasu i rozwoju nowych umiej\u0119tno\u015bci. W planach kolejne warsztaty dla ch\u0119tnych uczni\u00f3w i uczennic naszej szko\u0142y (szczeg\u00f3\u0142owe informacje u p.Dominiki Ga\u0142\u0105\u017cewskiej).<\/p>\n<div id='gallery-1' class='gallery galleryid-2531 gallery-columns-6 gallery-size-thumbnail'><figure class='gallery-item'>\n\t\t\t<div class='gallery-icon portrait'>\n\t\t\t\t<a href='https:\/\/sp43.zabrze.pl\/wp-content\/uploads\/2022\/04\/1-1-scaled.jpg'><img loading=\"lazy\" decoding=\"async\" width=\"150\" height=\"150\" src=\"https:\/\/sp43.zabrze.pl\/wp-content\/uploads\/2022\/04\/1-1-150x150.jpg\" class=\"attachment-thumbnail size-thumbnail\" alt=\"\" \/><\/a>\n\t\t\t<\/div><\/figure><figure class='gallery-item'>\n\t\t\t<div class='gallery-icon landscape'>\n\t\t\t\t<a href='https:\/\/sp43.zabrze.pl\/wp-content\/uploads\/2022\/04\/1a.jpg'><img loading=\"lazy\" decoding=\"async\" width=\"150\" height=\"150\" src=\"https:\/\/sp43.zabrze.pl\/wp-content\/uploads\/2022\/04\/1a-150x150.jpg\" class=\"attachment-thumbnail size-thumbnail\" alt=\"\" \/><\/a>\n\t\t\t<\/div><\/figure><figure class='gallery-item'>\n\t\t\t<div class='gallery-icon landscape'>\n\t\t\t\t<a href='https:\/\/sp43.zabrze.pl\/wp-content\/uploads\/2022\/04\/1aa.jpg'><img loading=\"lazy\" decoding=\"async\" width=\"150\" height=\"150\" src=\"https:\/\/sp43.zabrze.pl\/wp-content\/uploads\/2022\/04\/1aa-150x150.jpg\" class=\"attachment-thumbnail size-thumbnail\" alt=\"\" \/><\/a>\n\t\t\t<\/div><\/figure><figure class='gallery-item'>\n\t\t\t<div class='gallery-icon portrait'>\n\t\t\t\t<a href='https:\/\/sp43.zabrze.pl\/wp-content\/uploads\/2022\/04\/2-1-scaled.jpg'><img loading=\"lazy\" decoding=\"async\" width=\"150\" height=\"150\" src=\"https:\/\/sp43.zabrze.pl\/wp-content\/uploads\/2022\/04\/2-1-150x150.jpg\" class=\"attachment-thumbnail size-thumbnail\" alt=\"\" \/><\/a>\n\t\t\t<\/div><\/figure><figure class='gallery-item'>\n\t\t\t<div class='gallery-icon portrait'>\n\t\t\t\t<a href='https:\/\/sp43.zabrze.pl\/wp-content\/uploads\/2022\/04\/3-1-scaled.jpg'><img loading=\"lazy\" decoding=\"async\" width=\"150\" height=\"150\" src=\"https:\/\/sp43.zabrze.pl\/wp-content\/uploads\/2022\/04\/3-1-150x150.jpg\" class=\"attachment-thumbnail size-thumbnail\" alt=\"\" \/><\/a>\n\t\t\t<\/div><\/figure><figure class='gallery-item'>\n\t\t\t<div class='gallery-icon portrait'>\n\t\t\t\t<a href='https:\/\/sp43.zabrze.pl\/wp-content\/uploads\/2022\/04\/4-1-scaled.jpg'><img loading=\"lazy\" decoding=\"async\" width=\"150\" height=\"150\" src=\"https:\/\/sp43.zabrze.pl\/wp-content\/uploads\/2022\/04\/4-1-150x150.jpg\" class=\"attachment-thumbnail size-thumbnail\" alt=\"\" \/><\/a>\n\t\t\t<\/div><\/figure><figure class='gallery-item'>\n\t\t\t<div class='gallery-icon portrait'>\n\t\t\t\t<a href='https:\/\/sp43.zabrze.pl\/wp-content\/uploads\/2022\/04\/5-1-scaled.jpg'><img loading=\"lazy\" decoding=\"async\" width=\"150\" height=\"150\" src=\"https:\/\/sp43.zabrze.pl\/wp-content\/uploads\/2022\/04\/5-1-150x150.jpg\" class=\"attachment-thumbnail size-thumbnail\" alt=\"\" \/><\/a>\n\t\t\t<\/div><\/figure><figure class='gallery-item'>\n\t\t\t<div class='gallery-icon landscape'>\n\t\t\t\t<a href='https:\/\/sp43.zabrze.pl\/wp-content\/uploads\/2022\/04\/6-1.jpg'><img loading=\"lazy\" decoding=\"async\" width=\"150\" height=\"150\" src=\"https:\/\/sp43.zabrze.pl\/wp-content\/uploads\/2022\/04\/6-1-150x150.jpg\" class=\"attachment-thumbnail size-thumbnail\" alt=\"\" \/><\/a>\n\t\t\t<\/div><\/figure><figure class='gallery-item'>\n\t\t\t<div class='gallery-icon landscape'>\n\t\t\t\t<a href='https:\/\/sp43.zabrze.pl\/wp-content\/uploads\/2022\/04\/7-1.jpg'><img loading=\"lazy\" decoding=\"async\" width=\"150\" height=\"150\" src=\"https:\/\/sp43.zabrze.pl\/wp-content\/uploads\/2022\/04\/7-1-150x150.jpg\" class=\"attachment-thumbnail size-thumbnail\" alt=\"\" \/><\/a>\n\t\t\t<\/div><\/figure><figure class='gallery-item'>\n\t\t\t<div class='gallery-icon landscape'>\n\t\t\t\t<a href='https:\/\/sp43.zabrze.pl\/wp-content\/uploads\/2022\/04\/8-1.jpg'><img loading=\"lazy\" decoding=\"async\" width=\"150\" height=\"150\" src=\"https:\/\/sp43.zabrze.pl\/wp-content\/uploads\/2022\/04\/8-1-150x150.jpg\" class=\"attachment-thumbnail size-thumbnail\" alt=\"\" \/><\/a>\n\t\t\t<\/div><\/figure><figure class='gallery-item'>\n\t\t\t<div class='gallery-icon landscape'>\n\t\t\t\t<a href='https:\/\/sp43.zabrze.pl\/wp-content\/uploads\/2022\/04\/11-1.jpg'><img loading=\"lazy\" decoding=\"async\" width=\"150\" height=\"150\" src=\"https:\/\/sp43.zabrze.pl\/wp-content\/uploads\/2022\/04\/11-1-150x150.jpg\" class=\"attachment-thumbnail size-thumbnail\" alt=\"\" \/><\/a>\n\t\t\t<\/div><\/figure>\n\t\t<\/div>\n\n<p style=\"text-align: right;\"><em>Dominika Ga\u0142\u0105\u017cewska<\/em><\/p>\n","protected":false},"excerpt":{"rendered":"<p>14 kwietnia grupa uczennic klasy 8a i 8c wzi\u0119\u0142a udzia\u0142 w warsztatach krawieckich. Podczas zaj\u0119\u0107 pozna\u0142y podstawy bezpiecznej obs\u0142ugi maszyny [&hellip;]<\/p>\n","protected":false},"author":4,"featured_media":0,"comment_status":"closed","ping_status":"closed","sticky":false,"template":"","format":"standard","meta":{"footnotes":""},"categories":[19,41,26,25],"tags":[],"class_list":["post-2531","post","type-post","status-publish","format-standard","hentry","category-niusy","category-rok-szkolny-2021-2022","category-rozne-2","category-dla-dzieci"],"aioseo_notices":[],"_links":{"self":[{"href":"https:\/\/sp43.zabrze.pl\/index.php?rest_route=\/wp\/v2\/posts\/2531","targetHints":{"allow":["GET"]}}],"collection":[{"href":"https:\/\/sp43.zabrze.pl\/index.php?rest_route=\/wp\/v2\/posts"}],"about":[{"href":"https:\/\/sp43.zabrze.pl\/index.php?rest_route=\/wp\/v2\/types\/post"}],"author":[{"embeddable":true,"href":"https:\/\/sp43.zabrze.pl\/index.php?rest_route=\/wp\/v2\/users\/4"}],"replies":[{"embeddable":true,"href":"https:\/\/sp43.zabrze.pl\/index.php?rest_route=%2Fwp%2Fv2%2Fcomments&post=2531"}],"version-history":[{"count":3,"href":"https:\/\/sp43.zabrze.pl\/index.php?rest_route=\/wp\/v2\/posts\/2531\/revisions"}],"predecessor-version":[{"id":2556,"href":"https:\/\/sp43.zabrze.pl\/index.php?rest_route=\/wp\/v2\/posts\/2531\/revisions\/2556"}],"wp:attachment":[{"href":"https:\/\/sp43.zabrze.pl\/index.php?rest_route=%2Fwp%2Fv2%2Fmedia&parent=2531"}],"wp:term":[{"taxonomy":"category","embeddable":true,"href":"https:\/\/sp43.zabrze.pl\/index.php?rest_route=%2Fwp%2Fv2%2Fcategories&post=2531"},{"taxonomy":"post_tag","embeddable":true,"href":"https:\/\/sp43.zabrze.pl\/index.php?rest_route=%2Fwp%2Fv2%2Ftags&post=2531"}],"curies":[{"name":"wp","href":"https:\/\/api.w.org\/{rel}","templated":true}]}}