{"id":2441,"date":"2022-01-12T07:20:32","date_gmt":"2022-01-12T06:20:32","guid":{"rendered":"https:\/\/sp43.zabrze.pl\/?p=2441"},"modified":"2022-01-12T07:20:32","modified_gmt":"2022-01-12T06:20:32","slug":"kopalnia-w-oczach-dziecka-konkurs-plastyczny","status":"publish","type":"post","link":"https:\/\/sp43.zabrze.pl\/?p=2441","title":{"rendered":"\u201eKopalnia w oczach dziecka\u201d konkurs plastyczny"},"content":{"rendered":"<p>Jak co roku uczniowie ucz\u0119szczaj\u0105cy do \u015bwietlicy szkolnej wzi\u0119li udzia\u0142 w mi\u0119dzy\u015bwietlicowym konkursie plastycznym z cyklu \u201eKopalnia w oczach dziecka\u201d.<\/p>\n<p>Konkurs ju\u017c po raz XIII zorganizowa\u0142a Szko\u0142a Podstawowa nr 5 w Zabrzu. Temat tegorocznej edycji: \u201eZabrze miasto g\u00f3rnik\u00f3w. Projekt herbu na 100-lecie Zabrza\u201d.<\/p>\n<p>Z rado\u015bci\u0105 informujemy, i\u017c nasi uczniowie zdobyli:<\/p>\n<ul>\n<li><strong>I miejsce w kategorii klas III- Adam Janecki<\/strong><\/li>\n<li><strong>II miejsce w kategorii klas I- Martyna \u0141ukasiewicz.<\/strong><\/li>\n<\/ul>\n<div id='gallery-1' class='gallery galleryid-2441 gallery-columns-2 gallery-size-thumbnail'><figure class='gallery-item'>\n\t\t\t<div class='gallery-icon portrait'>\n\t\t\t\t<a href='https:\/\/sp43.zabrze.pl\/wp-content\/uploads\/2022\/01\/kopalnia.jpg'><img loading=\"lazy\" decoding=\"async\" width=\"150\" height=\"150\" src=\"https:\/\/sp43.zabrze.pl\/wp-content\/uploads\/2022\/01\/kopalnia-150x150.jpg\" class=\"attachment-thumbnail size-thumbnail\" alt=\"\" \/><\/a>\n\t\t\t<\/div><\/figure><figure class='gallery-item'>\n\t\t\t<div class='gallery-icon portrait'>\n\t\t\t\t<a href='https:\/\/sp43.zabrze.pl\/wp-content\/uploads\/2022\/01\/kopalnia2.jpg'><img loading=\"lazy\" decoding=\"async\" width=\"150\" height=\"150\" src=\"https:\/\/sp43.zabrze.pl\/wp-content\/uploads\/2022\/01\/kopalnia2-150x150.jpg\" class=\"attachment-thumbnail size-thumbnail\" alt=\"\" \/><\/a>\n\t\t\t<\/div><\/figure>\n\t\t<\/div>\n\n<p>Laureatom serdecznie gratulujemy!<\/p>\n<p style=\"text-align: right;\"><em>Dominika Ga\u0142\u0105\u017cewska<\/em><\/p>\n","protected":false},"excerpt":{"rendered":"<p>Jak co roku uczniowie ucz\u0119szczaj\u0105cy do \u015bwietlicy szkolnej wzi\u0119li udzia\u0142 w mi\u0119dzy\u015bwietlicowym konkursie plastycznym z cyklu \u201eKopalnia w oczach dziecka\u201d. [&hellip;]<\/p>\n","protected":false},"author":4,"featured_media":0,"comment_status":"closed","ping_status":"closed","sticky":false,"template":"","format":"standard","meta":{"footnotes":""},"categories":[19,41,27],"tags":[],"class_list":["post-2441","post","type-post","status-publish","format-standard","hentry","category-niusy","category-rok-szkolny-2021-2022","category-swietlica"],"aioseo_notices":[],"_links":{"self":[{"href":"https:\/\/sp43.zabrze.pl\/index.php?rest_route=\/wp\/v2\/posts\/2441","targetHints":{"allow":["GET"]}}],"collection":[{"href":"https:\/\/sp43.zabrze.pl\/index.php?rest_route=\/wp\/v2\/posts"}],"about":[{"href":"https:\/\/sp43.zabrze.pl\/index.php?rest_route=\/wp\/v2\/types\/post"}],"author":[{"embeddable":true,"href":"https:\/\/sp43.zabrze.pl\/index.php?rest_route=\/wp\/v2\/users\/4"}],"replies":[{"embeddable":true,"href":"https:\/\/sp43.zabrze.pl\/index.php?rest_route=%2Fwp%2Fv2%2Fcomments&post=2441"}],"version-history":[{"count":1,"href":"https:\/\/sp43.zabrze.pl\/index.php?rest_route=\/wp\/v2\/posts\/2441\/revisions"}],"predecessor-version":[{"id":2444,"href":"https:\/\/sp43.zabrze.pl\/index.php?rest_route=\/wp\/v2\/posts\/2441\/revisions\/2444"}],"wp:attachment":[{"href":"https:\/\/sp43.zabrze.pl\/index.php?rest_route=%2Fwp%2Fv2%2Fmedia&parent=2441"}],"wp:term":[{"taxonomy":"category","embeddable":true,"href":"https:\/\/sp43.zabrze.pl\/index.php?rest_route=%2Fwp%2Fv2%2Fcategories&post=2441"},{"taxonomy":"post_tag","embeddable":true,"href":"https:\/\/sp43.zabrze.pl\/index.php?rest_route=%2Fwp%2Fv2%2Ftags&post=2441"}],"curies":[{"name":"wp","href":"https:\/\/api.w.org\/{rel}","templated":true}]}}