{"id":1610,"date":"2021-04-27T08:40:10","date_gmt":"2021-04-27T06:40:10","guid":{"rendered":"https:\/\/sp43.zabrze.pl\/?p=1610"},"modified":"2021-04-27T08:53:35","modified_gmt":"2021-04-27T06:53:35","slug":"laczy-nas-pamiec","status":"publish","type":"post","link":"https:\/\/sp43.zabrze.pl\/?p=1610","title":{"rendered":"\u0141\u0105czy nas pami\u0119\u0107"},"content":{"rendered":"<p><img loading=\"lazy\" decoding=\"async\" class=\"size-full wp-image-1614 alignleft\" src=\"https:\/\/sp43.zabrze.pl\/wp-content\/uploads\/2021\/04\/polin.png\" alt=\"\" width=\"342\" height=\"176\" srcset=\"https:\/\/sp43.zabrze.pl\/wp-content\/uploads\/2021\/04\/polin.png 342w, https:\/\/sp43.zabrze.pl\/wp-content\/uploads\/2021\/04\/polin-300x154.png 300w\" sizes=\"auto, (max-width: 342px) 100vw, 342px\" \/><\/p>\n<p>19 kwietnia mia\u0142a miejsce 78. rocznica wybuchu powstania w getcie warszawskim &#8211; najwi\u0119kszego zbrojnego zrywu \u017byd\u00f3w podczas II wojny \u015bwiatowej, a zar<span style=\"font-size: 1rem;\">azem pierwszego powstania miejskiego w okupowanej Europie.<\/span><\/p>\n<p style=\"text-align: right;\">\u017b\u00f3\u0142te \u017conkile s\u0105 symbolem naszej zbiorowej pami\u0119ci &#8211; &#8222;\u0141\u0105czy nas pami\u0119\u0107&#8221;.<br \/>\nG\u0142\u0119boko wierzymy, \u017ce pami\u0119\u0107 o przesz\u0142o\u015bci jest jedn\u0105 z nadrz\u0119dnych warto\u015bci,<br \/>\nkt\u00f3re nas jednocz\u0105 i nadaj\u0105 nam wsp\u00f3ln\u0105 to\u017csamo\u015b\u0107-<br \/>\nniezale\u017cnie od \u015bwiatopogl\u0105du czy pochodzenia.<img loading=\"lazy\" decoding=\"async\" class=\"aligncenter size-full wp-image-1615\" src=\"https:\/\/sp43.zabrze.pl\/wp-content\/uploads\/2021\/04\/akcja-zonkil-2021.jpg\" alt=\"\" width=\"2000\" height=\"1125\" srcset=\"https:\/\/sp43.zabrze.pl\/wp-content\/uploads\/2021\/04\/akcja-zonkil-2021.jpg 2000w, https:\/\/sp43.zabrze.pl\/wp-content\/uploads\/2021\/04\/akcja-zonkil-2021-300x169.jpg 300w, https:\/\/sp43.zabrze.pl\/wp-content\/uploads\/2021\/04\/akcja-zonkil-2021-1024x576.jpg 1024w, https:\/\/sp43.zabrze.pl\/wp-content\/uploads\/2021\/04\/akcja-zonkil-2021-768x432.jpg 768w, https:\/\/sp43.zabrze.pl\/wp-content\/uploads\/2021\/04\/akcja-zonkil-2021-1536x864.jpg 1536w\" sizes=\"auto, (max-width: 2000px) 100vw, 2000px\" \/><br \/>\n<em>Joanna Glimos<\/em><\/p>\n","protected":false},"excerpt":{"rendered":"<p>19 kwietnia mia\u0142a miejsce 78. rocznica wybuchu powstania w getcie warszawskim &#8211; najwi\u0119kszego zbrojnego zrywu \u017byd\u00f3w podczas II wojny \u015bwiatowej, [&hellip;]<\/p>\n","protected":false},"author":4,"featured_media":1616,"comment_status":"closed","ping_status":"closed","sticky":false,"template":"","format":"standard","meta":{"footnotes":""},"categories":[19,32,25],"tags":[],"class_list":["post-1610","post","type-post","status-publish","format-standard","has-post-thumbnail","hentry","category-niusy","category-rok-szkolny-2020-2021","category-dla-dzieci"],"aioseo_notices":[],"_links":{"self":[{"href":"https:\/\/sp43.zabrze.pl\/index.php?rest_route=\/wp\/v2\/posts\/1610","targetHints":{"allow":["GET"]}}],"collection":[{"href":"https:\/\/sp43.zabrze.pl\/index.php?rest_route=\/wp\/v2\/posts"}],"about":[{"href":"https:\/\/sp43.zabrze.pl\/index.php?rest_route=\/wp\/v2\/types\/post"}],"author":[{"embeddable":true,"href":"https:\/\/sp43.zabrze.pl\/index.php?rest_route=\/wp\/v2\/users\/4"}],"replies":[{"embeddable":true,"href":"https:\/\/sp43.zabrze.pl\/index.php?rest_route=%2Fwp%2Fv2%2Fcomments&post=1610"}],"version-history":[{"count":3,"href":"https:\/\/sp43.zabrze.pl\/index.php?rest_route=\/wp\/v2\/posts\/1610\/revisions"}],"predecessor-version":[{"id":1639,"href":"https:\/\/sp43.zabrze.pl\/index.php?rest_route=\/wp\/v2\/posts\/1610\/revisions\/1639"}],"wp:featuredmedia":[{"embeddable":true,"href":"https:\/\/sp43.zabrze.pl\/index.php?rest_route=\/wp\/v2\/media\/1616"}],"wp:attachment":[{"href":"https:\/\/sp43.zabrze.pl\/index.php?rest_route=%2Fwp%2Fv2%2Fmedia&parent=1610"}],"wp:term":[{"taxonomy":"category","embeddable":true,"href":"https:\/\/sp43.zabrze.pl\/index.php?rest_route=%2Fwp%2Fv2%2Fcategories&post=1610"},{"taxonomy":"post_tag","embeddable":true,"href":"https:\/\/sp43.zabrze.pl\/index.php?rest_route=%2Fwp%2Fv2%2Ftags&post=1610"}],"curies":[{"name":"wp","href":"https:\/\/api.w.org\/{rel}","templated":true}]}}