{"id":1025,"date":"2020-05-19T13:59:59","date_gmt":"2020-05-19T11:59:59","guid":{"rendered":"http:\/\/sp43.zabrze.pl\/?p=1025"},"modified":"2020-05-19T14:00:32","modified_gmt":"2020-05-19T12:00:32","slug":"rekrutacja-osmioklasistow","status":"publish","type":"post","link":"https:\/\/sp43.zabrze.pl\/?p=1025","title":{"rendered":"Rekrutacja O\u015bmioklasist\u00f3w"},"content":{"rendered":"<h3 style=\"text-align: center;\"><em>Rekrutacja do szk\u00f3\u0142 ponadpodstawowych<br \/>\nna rok szkolny 2020\/2021<\/em><\/h3>\n<hr \/>\n<p><img loading=\"lazy\" decoding=\"async\" class=\"aligncenter wp-image-1026\" src=\"http:\/\/sp43.zabrze.pl\/wp-content\/uploads\/2020\/05\/98291319_2528304440603706_2505729275341045760_o.jpg\" alt=\"\" width=\"523\" height=\"294\" srcset=\"https:\/\/sp43.zabrze.pl\/wp-content\/uploads\/2020\/05\/98291319_2528304440603706_2505729275341045760_o.jpg 959w, https:\/\/sp43.zabrze.pl\/wp-content\/uploads\/2020\/05\/98291319_2528304440603706_2505729275341045760_o-300x169.jpg 300w, https:\/\/sp43.zabrze.pl\/wp-content\/uploads\/2020\/05\/98291319_2528304440603706_2505729275341045760_o-768x432.jpg 768w\" sizes=\"auto, (max-width: 523px) 100vw, 523px\" \/><\/p>\n<p>Og\u0142aszamy harmonogram rekrutacji do szk\u00f3\u0142 ponadpodstawowych na rok szkolny 2020\/2021, w tym terminy post\u0119powania rekrutacyjnego, sk\u0142adania dokument\u00f3w do klas I szk\u00f3\u0142 ponadpodstawowych i klas wst\u0119pnych szk\u00f3\u0142 ponadpodstawowych.<\/p>\n<p>Ustalony przez Ministra Edukacji Narodowej harmonogram post\u0119powania rekrutacyjnego do szk\u00f3\u0142 dla m\u0142odzie\u017cy dostosowany zosta\u0142 do zmienionego terminu przeprowadzanych egzamin\u00f3w \u00f3smoklasisty, w tym terminu wydania za\u015bwiadczenia o wyniku tego egzaminu przez okr\u0119gowe komisje egzaminacyjne.<\/p>\n<p><em><strong>Wnioski o przyj\u0119cie do szk\u00f3\u0142 ponadpodstawowych<\/strong><\/em><\/p>\n<p>Wniosek o przyj\u0119cie do szko\u0142y ponadpodstawowej wraz z dokumentami b\u0119dzie mo\u017cna sk\u0142ada\u0107 w dw\u00f3ch etapach:<\/p>\n<ul>\n<li><strong>od 15 czerwca do 10 lipca br.<\/strong>\u00a0\u2013 termin na z\u0142o\u017cenie wniosku i uzupe\u0142nienie<br \/>\ngo o \u015bwiadectwo uko\u0144czenia szko\u0142y.<\/li>\n<li><strong>od 31 lipca \u2013 do 4 sierpnia br.<\/strong>\u00a0\u2013 termin na uzupe\u0142nienie wniosku o za\u015bwiadczenie o wyniku egzaminu \u00f3smoklasisty oraz na zmian\u0119 przez kandydat\u00f3w wniosk\u00f3w\u00a0o przyj\u0119cie, w tym zamian\u0119 szk\u00f3\u0142, do kt\u00f3rych b\u0119d\u0105 kandydowa\u0107.<\/li>\n<\/ul>\n<p><strong>Od 15 do 22 czerwca br.<\/strong>\u00a0b\u0119dzie mo\u017cna sk\u0142ada\u0107 wnioski do szko\u0142y ponadpodstawowej dwuj\u0119zycznej, oddzia\u0142u dwuj\u0119zycznego, oddzia\u0142u mi\u0119dzynarodowego, oddzia\u0142u przygotowania wojskowego w szkole ponadpodstawowej, oddzia\u0142\u00f3w wymagaj\u0105cych od kandydat\u00f3w szczeg\u00f3lnych indywidualnych predyspozycji, a tak\u017ce szk\u00f3\u0142 i oddzia\u0142\u00f3w prowadz\u0105cych szkolenie sportowe w szko\u0142ach ponadpodstawowych.<\/p>\n<p>Wi\u0119cej na stronie <span style=\"text-decoration: underline;\"><em><strong><a href=\"https:\/\/www.gov.pl\/web\/edukacja\/harmonogram-rekrutacji-do-szkol-ponadpodstawowych-na-rok-szkolny-20202021?fbclid=IwAR3GuXvroS2-kfmkuNtNgNe4684eg0zCOMpTOSEtNPob5cOSKl03kL0MZpU\" target=\"_blank\" rel=\"noopener noreferrer\">Ministerstwa Edukacji Narodowej<\/a> <\/strong><\/em><\/span>.<\/p>\n<p>&nbsp;<\/p>\n","protected":false},"excerpt":{"rendered":"<p>Rekrutacja do szk\u00f3\u0142 ponadpodstawowych na rok szkolny 2020\/2021 Og\u0142aszamy harmonogram rekrutacji do szk\u00f3\u0142 ponadpodstawowych na rok szkolny 2020\/2021, w tym [&hellip;]<\/p>\n","protected":false},"author":4,"featured_media":0,"comment_status":"closed","ping_status":"closed","sticky":false,"template":"","format":"standard","meta":{"footnotes":""},"categories":[19,22,21,25,24],"tags":[],"class_list":["post-1025","post","type-post","status-publish","format-standard","hentry","category-niusy","category-rozne","category-19-20","category-dla-dzieci","category-dla-rodzica"],"aioseo_notices":[],"_links":{"self":[{"href":"https:\/\/sp43.zabrze.pl\/index.php?rest_route=\/wp\/v2\/posts\/1025","targetHints":{"allow":["GET"]}}],"collection":[{"href":"https:\/\/sp43.zabrze.pl\/index.php?rest_route=\/wp\/v2\/posts"}],"about":[{"href":"https:\/\/sp43.zabrze.pl\/index.php?rest_route=\/wp\/v2\/types\/post"}],"author":[{"embeddable":true,"href":"https:\/\/sp43.zabrze.pl\/index.php?rest_route=\/wp\/v2\/users\/4"}],"replies":[{"embeddable":true,"href":"https:\/\/sp43.zabrze.pl\/index.php?rest_route=%2Fwp%2Fv2%2Fcomments&post=1025"}],"version-history":[{"count":2,"href":"https:\/\/sp43.zabrze.pl\/index.php?rest_route=\/wp\/v2\/posts\/1025\/revisions"}],"predecessor-version":[{"id":1028,"href":"https:\/\/sp43.zabrze.pl\/index.php?rest_route=\/wp\/v2\/posts\/1025\/revisions\/1028"}],"wp:attachment":[{"href":"https:\/\/sp43.zabrze.pl\/index.php?rest_route=%2Fwp%2Fv2%2Fmedia&parent=1025"}],"wp:term":[{"taxonomy":"category","embeddable":true,"href":"https:\/\/sp43.zabrze.pl\/index.php?rest_route=%2Fwp%2Fv2%2Fcategories&post=1025"},{"taxonomy":"post_tag","embeddable":true,"href":"https:\/\/sp43.zabrze.pl\/index.php?rest_route=%2Fwp%2Fv2%2Ftags&post=1025"}],"curies":[{"name":"wp","href":"https:\/\/api.w.org\/{rel}","templated":true}]}}